{"id":255,"date":"2019-09-14T13:48:15","date_gmt":"2019-09-14T13:48:15","guid":{"rendered":"http:\/\/127.0.0.1:10080\/wordpress\/?p=255"},"modified":"2019-09-15T19:50:48","modified_gmt":"2019-09-15T17:50:48","slug":"du-royaume-goth-au-midi-merovingien","status":"publish","type":"post","link":"https:\/\/afamassociation.fr\/index.php\/2019\/09\/14\/du-royaume-goth-au-midi-merovingien\/","title":{"rendered":"Du Royaume goth au Midi m\u00e9rovingien"},"content":{"rendered":"\n<p>Sous la direction d\u2019Emmanuelle BOUBE, Alexis CORROCHANO et J\u00e9r\u00f4me HERNANDEZ<\/p>\n\n\n\n<div class=\"wp-block-image\"><figure class=\"alignleft is-resized\"><img loading=\"lazy\" decoding=\"async\" src=\"http:\/\/afamassociation.fr\/wp-content\/uploads\/2019\/09\/9782356132468.jpg\" alt=\"\" class=\"wp-image-355\" width=\"200\" height=\"177\"\/><\/figure><\/div>\n\n\n\n<p class=\"has-small-font-size\">Le 1600<sup>e<\/sup> anniversaire (418\/419) de l\u2019installation des wisigoths dans le Sud-Ouest par l\u2019empereur Honorius pour pr\u00e8s d\u2019un si\u00e8cle, avec Toulouse pour r\u00e9sidence royale, co\u00efncide avec la publication de ces actes. Cette synth\u00e8se scientifique, la premi\u00e8re du genre depuis plus de trente ans permet d\u2019examiner les progr\u00e8s de la recherche en particulier dans le domaine de l\u2019arch\u00e9ologie fun\u00e9raire pr\u00e9ventive (sites arch\u00e9ologiques in\u00e9dits) sur cette p\u00e9riode historique, entre Antiquit\u00e9 et Moyen \u00c2ge. Cinq th\u00e8mes constituent ce volume : Les Goths de part et d\u2019autre des Pyr\u00e9n\u00e9es : les sources \u00e9crites, Pouvoir et m\u00e9moire dans la ville, Arch\u00e9ologie fun\u00e9raire et mobilier germanique oriental de l\u2019Aquitaine et de l\u2019Espagne entre V et VIe si\u00e8cles, Territoires, contacts et culture mat\u00e9rielle, et, enfin, Actualit\u00e9s arch\u00e9ologiques : la Gaule m\u00e9rovingienne. <\/p>\n","protected":false},"excerpt":{"rendered":"<p>Sous la direction d\u2019Emmanuelle BOUBE, Alexis CORROCHANO et J\u00e9r\u00f4me HERNANDEZ Le 1600e anniversaire (418\/419) de l\u2019installation des wisigoths dans le Sud-Ouest par l\u2019empereur Honorius pour pr\u00e8s d\u2019un si\u00e8cle, avec Toulouse&hellip;<\/p>\n","protected":false},"author":2,"featured_media":355,"comment_status":"closed","ping_status":"closed","sticky":false,"template":"","format":"standard","meta":{"_jetpack_memberships_contains_paid_content":false,"footnotes":""},"categories":[2,3,4],"tags":[],"class_list":["post-255","post","type-post","status-publish","format-standard","has-post-thumbnail","hentry","category-actualites","category-journee","category-livre"],"jetpack_featured_media_url":"https:\/\/afamassociation.fr\/wp-content\/uploads\/2019\/09\/9782356132468.jpg","jetpack_sharing_enabled":true,"_links":{"self":[{"href":"https:\/\/afamassociation.fr\/index.php\/wp-json\/wp\/v2\/posts\/255","targetHints":{"allow":["GET"]}}],"collection":[{"href":"https:\/\/afamassociation.fr\/index.php\/wp-json\/wp\/v2\/posts"}],"about":[{"href":"https:\/\/afamassociation.fr\/index.php\/wp-json\/wp\/v2\/types\/post"}],"author":[{"embeddable":true,"href":"https:\/\/afamassociation.fr\/index.php\/wp-json\/wp\/v2\/users\/2"}],"replies":[{"embeddable":true,"href":"https:\/\/afamassociation.fr\/index.php\/wp-json\/wp\/v2\/comments?post=255"}],"version-history":[{"count":2,"href":"https:\/\/afamassociation.fr\/index.php\/wp-json\/wp\/v2\/posts\/255\/revisions"}],"predecessor-version":[{"id":356,"href":"https:\/\/afamassociation.fr\/index.php\/wp-json\/wp\/v2\/posts\/255\/revisions\/356"}],"wp:featuredmedia":[{"embeddable":true,"href":"https:\/\/afamassociation.fr\/index.php\/wp-json\/wp\/v2\/media\/355"}],"wp:attachment":[{"href":"https:\/\/afamassociation.fr\/index.php\/wp-json\/wp\/v2\/media?parent=255"}],"wp:term":[{"taxonomy":"category","embeddable":true,"href":"https:\/\/afamassociation.fr\/index.php\/wp-json\/wp\/v2\/categories?post=255"},{"taxonomy":"post_tag","embeddable":true,"href":"https:\/\/afamassociation.fr\/index.php\/wp-json\/wp\/v2\/tags?post=255"}],"curies":[{"name":"wp","href":"https:\/\/api.w.org\/{rel}","templated":true}]}}